[{"@context":"https:\/\/schema.org\/","@type":"Article","@id":"https:\/\/www.chemiko.cz\/pekna-domacnost\/#Article","mainEntityOfPage":"https:\/\/www.chemiko.cz\/pekna-domacnost\/","headline":"P\u011bkn\u00e1 dom\u00e1cnost","name":"P\u011bkn\u00e1 dom\u00e1cnost","description":"Jak\u00e9 si to ud\u011bl\u00e1\u0161, tak takov\u00e9 to m\u00e1\u0161, takhle se to \u0159\u00edk\u00e1 a j\u00e1 mysl\u00edm, \u017ee je to dob\u0159e, proto\u017ee je opravdu hodn\u011b lid\u00ed, kte\u0159\u00ed ani nev\u00ed, jak maj\u00ed \u017e\u00edt. T\u0159eba si je\u0161t\u011b nejsou v\u016fbec ni\u010d\u00edm jisti, a to je podle m\u00e9ho n\u00e1zoru opravdu velik\u00e1 \u0161koda. Proto\u017ee je hodn\u011b lid\u00ed, kte\u0159\u00ed t\u0159eba maj\u00ed sv\u016fj tip, &hellip; ","datePublished":"2024-05-31","dateModified":"2024-05-31","author":{"@type":"Person","@id":"https:\/\/www.chemiko.cz\/author\/#Person","name":"","url":"https:\/\/www.chemiko.cz\/author\/","identifier":1,"image":{"@type":"ImageObject","@id":"https:\/\/secure.gravatar.com\/avatar\/99fa2d7bb0ff3369cbf7f1481134d0b6f7aff596e984b7c90a3d99b8b24eb0d8?s=96&d=mm&r=g","url":"https:\/\/secure.gravatar.com\/avatar\/99fa2d7bb0ff3369cbf7f1481134d0b6f7aff596e984b7c90a3d99b8b24eb0d8?s=96&d=mm&r=g","height":96,"width":96}},"publisher":{"@type":"Organization","name":"chemiko.cz","logo":{"@type":"ImageObject","@id":"\/logo.png","url":"\/logo.png","width":600,"height":60}},"image":{"@type":"ImageObject","@id":"https:\/\/www.chemiko.cz\/wp-content\/uploads\/smart-home-3653454_640_2.jpg","url":"https:\/\/www.chemiko.cz\/wp-content\/uploads\/smart-home-3653454_640_2.jpg","height":0,"width":0},"url":"https:\/\/www.chemiko.cz\/pekna-domacnost\/","about":["Dom\u00e1cnost"],"wordCount":460,"articleBody":"Jak\u00e9 si to ud\u011bl\u00e1\u0161, tak takov\u00e9 to m\u00e1\u0161, takhle se to \u0159\u00edk\u00e1 a j\u00e1 mysl\u00edm, \u017ee je to dob\u0159e, proto\u017ee je opravdu hodn\u011b lid\u00ed, kte\u0159\u00ed ani nev\u00ed, jak maj\u00ed \u017e\u00edt. T\u0159eba si je\u0161t\u011b nejsou v\u016fbec ni\u010d\u00edm jisti, a to je podle m\u00e9ho n\u00e1zoru opravdu velik\u00e1 \u0161koda. Proto\u017ee je hodn\u011b lid\u00ed, kte\u0159\u00ed t\u0159eba maj\u00ed sv\u016fj tip, anebo n\u00e1vrh, jak by m\u011bli \u017e\u00edt. Jakou by m\u011bli m\u00edt dom\u00e1cnost anebo jak \u017e\u00edt \u017eivot? Proto\u017ee v\u0161ichni v\u00edme, \u017ee \u017eijeme jenom 1. Jenom\u017ee jak si nejl\u00e9pe u\u017e\u00edt \u017eivot, jak nejl\u00e9pe v\u00e9st svou dom\u00e1cnost? N\u011bkdy je to opravdu hodn\u011b n\u00e1ro\u010dn\u00e9 a divn\u00e9. Kdy\u017e t\u0159eba n\u011bkdo n\u011bkomu rad\u00ed, jak \u017e\u00edt anebo jak v\u00e9st dom\u00e1cnost, abych se p\u0159iznala, tak m\u011b osobn\u011b by dost vadilo, kdyby mi t\u0159eba n\u011bkdo kecal do toho, jak m\u00e1m v\u00e9st svou dom\u00e1cnost.Nebo jak m\u00e1m \u017e\u00edt? V\u017edy\u0165 p\u0159ece ka\u017ed\u00fd \u010dlov\u011bk m\u00e1 sv\u016fj \u017eivot, ka\u017ed\u00fd \u010dlov\u011bk m\u00e1 svou dom\u00e1cnost. Je ale hodn\u011b lid\u00ed, kte\u0159\u00ed tomuhle v\u016fbec nerozum\u00ed. Zn\u00e1m t\u0159eba kamar\u00e1dku, kter\u00e1 i m\u011b st\u00e1le kec\u00e1 do toho, jak m\u00e1m vymalovat ob\u00fdvac\u00ed pokoj anebo kuchy\u0148 anebo k lo\u017enici. Jenom\u017ee ona v\u016fbec nech\u00e1pe, \u017ee nem\u00e1m r\u00e1da takov\u00e9 extra v\u00fdrazn\u00e9 barvy jako m\u00e1 r\u00e1da moje kamar\u00e1dka. J\u00e1 v\u00e1m r\u00e1da takov\u00e9 p\u0159\u00edzemn\u00ed a p\u0159\u00edrodn\u00ed t\u00f3ny, t\u0159eba b\u00e9\u017eov\u00e1, hn\u011bd\u00e1, \u0161ed\u00e1 a tak podobn\u011b. Ve v\u011bt\u0161in\u011b p\u0159\u00edpad\u016f v m\u00e9 dom\u00e1cnosti i p\u0159eva\u017euje b\u00edl\u00e1 barva, ale abych m\u011bla n\u011bkde k\u0159iklav\u011b oran\u017eovou nebo zelenou anebo n\u00e1padit\u011b modrou.Tak to u m\u011b nep\u0159ipad\u00e1 v \u00favahu. Sice ano, takov\u00e9to barvy jsou opravdu p\u011bkn\u00e9. Pouze, ale t\u0159eba jenom na tri\u010dku a tak podobn\u011b, ale absolutn\u011b bych to necht\u011bla m\u00edt t\u0159eba na sv\u00fdch zdech v interi\u00e9ru. Anebo tak\u00e9 v exteri\u00e9ru, proto\u017ee moje kamar\u00e1dka \u0159\u00edk\u00e1, \u017ee p\u0159\u00ed\u0161t\u00ed rok si chce pr\u00e1v\u011b ud\u011blat om\u00edtku zvenku v\u00fdrazn\u00e9 \u010derven\u00e9 barvy. Abych se p\u0159iznala, tak tohle si v\u016fbec absolutn\u011b nedok\u00e1\u017ei p\u0159edstavit, jak bude vypadat takov\u00e1 \u010derven\u00e1 fas\u00e1da. V\u016fbec si to ani nechci p\u0159edstavovat, ale kdy\u017e kamar\u00e1dce se tohle l\u00edb\u00ed, tak a\u0165 si to ud\u011bl\u00e1 j\u00e1. Sv\u00e9 kamar\u00e1dce se tak\u00e9 nebudu kecat do fas\u00e1dy anebo o tom, jak m\u00e1 v\u00e9st svou dom\u00e1cnost anebo jak m\u00e1 m\u00edt vymalovan\u00e9 sv\u00e9 st\u011bny z interi\u00e9ru.\u00a0                                                                                                                                                                                                                                                                                                                                                                                        4\/5 - (5 votes)        "},{"@context":"https:\/\/schema.org\/","@type":"BreadcrumbList","itemListElement":[{"@type":"ListItem","position":1,"name":"P\u011bkn\u00e1 dom\u00e1cnost","item":"https:\/\/www.chemiko.cz\/pekna-domacnost\/#breadcrumbitem"}]}]