[{"@context":"https:\/\/schema.org\/","@type":"Article","@id":"https:\/\/www.chemiko.cz\/pro-a-proti-minimalni-mzdy\/#Article","mainEntityOfPage":"https:\/\/www.chemiko.cz\/pro-a-proti-minimalni-mzdy\/","headline":"Pro a proti minim\u00e1ln\u00ed mzdy","name":"Pro a proti minim\u00e1ln\u00ed mzdy","description":"U n\u00e1s i v\u00a0\u0159ad\u011b dal\u0161\u00edch zem\u00ed existuje z\u00e1le\u017eitost zvan\u00e1 minim\u00e1ln\u00ed mzda. A kdy\u017e se nad touto zamysl\u00edme, m\u016f\u017eeme ji pova\u017eovat za docela chv\u00e1lyhodn\u00fd po\u010din. Proto\u017ee d\u00edky tomuto vyn\u00e1lezu, tedy na\u0159\u00edzen\u00ed z\u00a0nejvy\u0161\u0161\u00edch politick\u00fdch pater, je zaru\u010deno, \u017ee nebudou lid\u00e9 nuceni pracovat v\u00a0ned\u016fstojn\u00fdch podm\u00ednk\u00e1ch neumo\u017e\u0148uj\u00edc\u00edch jim norm\u00e1ln\u00ed \u017eivot. M\u00e9n\u011b ne\u017e minim\u00e1ln\u00ed mzdu toti\u017e lidem pracuj\u00edc\u00edm na standardn\u00ed &hellip; ","datePublished":"2024-06-29","dateModified":"2024-06-29","author":{"@type":"Person","@id":"https:\/\/www.chemiko.cz\/author\/#Person","name":"","url":"https:\/\/www.chemiko.cz\/author\/","identifier":1,"image":{"@type":"ImageObject","@id":"https:\/\/secure.gravatar.com\/avatar\/99fa2d7bb0ff3369cbf7f1481134d0b6f7aff596e984b7c90a3d99b8b24eb0d8?s=96&d=mm&r=g","url":"https:\/\/secure.gravatar.com\/avatar\/99fa2d7bb0ff3369cbf7f1481134d0b6f7aff596e984b7c90a3d99b8b24eb0d8?s=96&d=mm&r=g","height":96,"width":96}},"publisher":{"@type":"Organization","name":"chemiko.cz","logo":{"@type":"ImageObject","@id":"\/logo.png","url":"\/logo.png","width":600,"height":60}},"image":{"@type":"ImageObject","@id":"https:\/\/www.chemiko.cz\/wp-content\/uploads\/pppppppppppppppppp_10_5.jpg","url":"https:\/\/www.chemiko.cz\/wp-content\/uploads\/pppppppppppppppppp_10_5.jpg","height":0,"width":0},"url":"https:\/\/www.chemiko.cz\/pro-a-proti-minimalni-mzdy\/","about":["Finance"],"wordCount":417,"articleBody":"U n\u00e1s i v\u00a0\u0159ad\u011b dal\u0161\u00edch zem\u00ed existuje z\u00e1le\u017eitost zvan\u00e1 minim\u00e1ln\u00ed mzda. A kdy\u017e se nad touto zamysl\u00edme, m\u016f\u017eeme ji pova\u017eovat za docela chv\u00e1lyhodn\u00fd po\u010din. Proto\u017ee d\u00edky tomuto vyn\u00e1lezu, tedy na\u0159\u00edzen\u00ed z\u00a0nejvy\u0161\u0161\u00edch politick\u00fdch pater, je zaru\u010deno, \u017ee nebudou lid\u00e9 nuceni pracovat v\u00a0ned\u016fstojn\u00fdch podm\u00ednk\u00e1ch neumo\u017e\u0148uj\u00edc\u00edch jim norm\u00e1ln\u00ed \u017eivot. M\u00e9n\u011b ne\u017e minim\u00e1ln\u00ed mzdu toti\u017e lidem pracuj\u00edc\u00edm na standardn\u00ed \u010dty\u0159icetihodinov\u00fd t\u00fddenn\u00ed \u00favazek nesm\u00ed zam\u011bstnavatel d\u00e1t.Ov\u0161em takov\u00e1 minim\u00e1ln\u00ed mzda je skute\u010dn\u011b nevelk\u00e1. A proto se mnoha pracuj\u00edc\u00edm nel\u00edb\u00ed. Ti by cht\u011bli, aby tato byla vy\u0161\u0161\u00ed. Co\u017e se n\u011bkdy d\u00e1 pochopit, i kdy\u017e je sou\u010dasn\u011b nutn\u00e9 to odm\u00edtnout. Proto\u017ee kdyby byla minim\u00e1ln\u00ed mzda p\u0159\u00edli\u0161 vysok\u00e1, k\u00a0\u010demu by doch\u00e1zelo? Leckter\u00e9 zam\u011bstn\u00e1n\u00ed by se nevypl\u00e1celo, proto\u017ee by zisky nesta\u010dily k\u00a0pokryt\u00ed mezd zam\u011bstnanc\u016f, a pak by zanikala pracovn\u00ed m\u00edsta a lid\u00e9 by kon\u010dili na \u00fa\u0159adech pr\u00e1ce. \u010c\u00edm\u017e by si ur\u010dit\u011b nepolep\u0161ili.A tak je u n\u00e1s minim\u00e1ln\u00ed mzda takov\u00e1, jak\u00e1 je. A nen\u00ed to zase a\u017e takov\u00e1 trag\u00e9die, srovn\u00e1me-li ji s\u00a0\u017eivotn\u00edmi podm\u00ednkami lid\u00ed v\u00a0mnoha jin\u00fdch \u010d\u00e1stech sv\u011bta, v\u00a0mnoha jin\u00fdch zem\u00edch. Co by lid\u00e9 v\u00a0mnoha zem\u00edch dali za to, kdyby dost\u00e1vali m\u011bs\u00ed\u010dn\u011b minim\u00e1ln\u011b t\u011bch na\u0161ich18.900 K\u010d, respektive aspo\u0148 112,50 K\u010d za hodinu pr\u00e1ce! A u n\u00e1s maj\u00ed toto jist\u00e9 v\u0161ichni zam\u011bstnanci v pracovn\u00edm pom\u011bru nebo v pr\u00e1vn\u00edm vztahu zalo\u017een\u00e9m na dohod\u00e1ch o prac\u00edch konan\u00fdch mimo pracovn\u00ed pom\u011br!Ov\u0161em je pochopiteln\u00e9, \u017ee u n\u00e1s ne ka\u017ed\u00fd za takovou minim\u00e1ln\u00ed mzdu pracuje a mus\u00ed pracovat. Odm\u011b\u0148ov\u00e1n\u00ed je individu\u00e1ln\u00ed a je obvykle vy\u0161\u0161\u00ed. Ale p\u0159esto se tato minim\u00e1ln\u00ed mzda mnoha lidem nel\u00edb\u00ed. Proto\u017ee by cht\u011bli m\u00edt jistotu, \u017ee budou pracovat za v\u00edc. Ale ka\u017ed\u00e1 zem\u011b si m\u016f\u017ee dovolit jenom to, co si m\u016f\u017ee dovolit. A tak m\u00e1me to, co m\u00e1me. A aspo\u0148 toto se k\u00a0na\u0161\u00ed radosti mus\u00ed dodr\u017eovat. Proto\u017ee na to dohl\u00ed\u017e\u00ed St\u00e1tn\u00ed \u00fa\u0159ad inspekce pr\u00e1ce a tomuto \u00fa\u0159adu pod\u0159\u00edzen\u00e9 oblastn\u00ed inspektor\u00e1ty pr\u00e1ce.                                                                                                                                                                                                                                                                                                                                                                                        5\/5 - (3 votes)        "},{"@context":"https:\/\/schema.org\/","@type":"BreadcrumbList","itemListElement":[{"@type":"ListItem","position":1,"name":"Pro a proti minim\u00e1ln\u00ed mzdy","item":"https:\/\/www.chemiko.cz\/pro-a-proti-minimalni-mzdy\/#breadcrumbitem"}]}]